{"id":1280,"date":"2013-05-23T12:29:55","date_gmt":"2013-05-23T12:29:55","guid":{"rendered":"http:\/\/blog.ribambelle.fr\/wp\/?p=1280"},"modified":"2013-05-23T12:29:55","modified_gmt":"2013-05-23T12:29:55","slug":"la-fete-des-meres","status":"publish","type":"post","link":"https:\/\/blog.ribambelle.fr\/wp\/?p=1280","title":{"rendered":"La f\u00eate des m\u00e8res !!!"},"content":{"rendered":"<p><a href=\"http:\/\/blog.ribambelle.fr\/wp\/wp-content\/uploads\/2013\/05\/95493775.jpg\"><img decoding=\"async\" loading=\"lazy\" class=\"aligncenter size-medium wp-image-1281\" title=\"95493775\" src=\"http:\/\/blog.ribambelle.fr\/wp\/wp-content\/uploads\/2013\/05\/95493775-300x201.jpg\" alt=\"\" width=\"300\" height=\"201\" srcset=\"https:\/\/blog.ribambelle.fr\/wp\/wp-content\/uploads\/2013\/05\/95493775-300x201.jpg 300w, https:\/\/blog.ribambelle.fr\/wp\/wp-content\/uploads\/2013\/05\/95493775.jpg 340w\" sizes=\"(max-width: 300px) 100vw, 300px\" \/><\/a><\/p>\n<p>Le Dimanche 26 Mai 2013 cette ann\u00e9e c\u2019est <strong>THE DAY<\/strong> \u00e0 ne pas manquer pour toutes les mamans de France\u00a0!<\/p>\n<p>Le moment id\u00e9al de lui montrer \u00e0 quel point on l\u2019aime\u00a0et on la ch\u00e9rit par le biais de surprises en tout genre\u00a0: cadeaux simples ou originaux, sorties\u2026<\/p>\n<p>Tout est la bienvenue pour faire plaisir \u00e0 celle qui nous a tant chouchout\u00e9\u00a0!<\/p>\n<p>Mais, comme il n\u2019y a rien de plus beau que le cadeau d\u2019un enfant, A la  Ribambelle propose \u00e0 tous ses loupiots d\u2019envoyer leurs po\u00e8mes \u00e0 <a href=\"mailto:info2@ribambelle.fr\">info2@ribambelle.fr<\/a> jusqu\u2019au Mardi 28 Mai,les plus beaux seront publi\u00e9s pour le bonheur et la fiert\u00e9 de leurs ch\u00e8res mamans\u00a0!<\/p>\n<p>Nous attendons impatiemment toutes vos d\u00e9clarations,<\/p>\n<p><strong> <\/strong><\/p>\n<p><strong>Parce que notre maman c\u2019est la meilleure\u2026 A vos claviers\u00a0! <\/strong><\/p>\n<p><strong> <\/strong><\/p>\n<p><strong>Bonne f\u00eate \u00e0 toutes les mamans <\/strong><\/p>\n<p><strong> <\/strong><\/p>\n<p><strong>Rib\u2019<\/strong><strong> <\/strong><\/p>\n","protected":false},"excerpt":{"rendered":"<p>Le Dimanche 26 Mai 2013 cette ann\u00e9e c\u2019est THE DAY \u00e0 ne pas manquer pour toutes les mamans de France\u00a0! Le moment id\u00e9al de lui montrer \u00e0 quel point on l\u2019aime\u00a0et on la ch\u00e9rit par le biais de surprises en tout genre\u00a0: cadeaux simples ou originaux, sorties\u2026 Tout est la bienvenue pour faire plaisir \u00e0 <a href=\"https:\/\/blog.ribambelle.fr\/wp\/?p=1280\" rel=\"nofollow\"><span class=\"sr-only\">En savoir plus surLa f\u00eate des m\u00e8res !!!<\/span>[&hellip;]<\/a><\/p>\n","protected":false},"author":124,"featured_media":0,"comment_status":"open","ping_status":"open","sticky":false,"template":"","format":"standard","meta":[],"categories":[208,1],"tags":[222,101,221,107],"_links":{"self":[{"href":"https:\/\/blog.ribambelle.fr\/wp\/index.php?rest_route=\/wp\/v2\/posts\/1280"}],"collection":[{"href":"https:\/\/blog.ribambelle.fr\/wp\/index.php?rest_route=\/wp\/v2\/posts"}],"about":[{"href":"https:\/\/blog.ribambelle.fr\/wp\/index.php?rest_route=\/wp\/v2\/types\/post"}],"author":[{"embeddable":true,"href":"https:\/\/blog.ribambelle.fr\/wp\/index.php?rest_route=\/wp\/v2\/users\/124"}],"replies":[{"embeddable":true,"href":"https:\/\/blog.ribambelle.fr\/wp\/index.php?rest_route=%2Fwp%2Fv2%2Fcomments&post=1280"}],"version-history":[{"count":2,"href":"https:\/\/blog.ribambelle.fr\/wp\/index.php?rest_route=\/wp\/v2\/posts\/1280\/revisions"}],"predecessor-version":[{"id":1283,"href":"https:\/\/blog.ribambelle.fr\/wp\/index.php?rest_route=\/wp\/v2\/posts\/1280\/revisions\/1283"}],"wp:attachment":[{"href":"https:\/\/blog.ribambelle.fr\/wp\/index.php?rest_route=%2Fwp%2Fv2%2Fmedia&parent=1280"}],"wp:term":[{"taxonomy":"category","embeddable":true,"href":"https:\/\/blog.ribambelle.fr\/wp\/index.php?rest_route=%2Fwp%2Fv2%2Fcategories&post=1280"},{"taxonomy":"post_tag","embeddable":true,"href":"https:\/\/blog.ribambelle.fr\/wp\/index.php?rest_route=%2Fwp%2Fv2%2Ftags&post=1280"}],"curies":[{"name":"wp","href":"https:\/\/api.w.org\/{rel}","templated":true}]}}