{"id":1497,"date":"2013-09-13T16:04:36","date_gmt":"2013-09-13T16:04:36","guid":{"rendered":"http:\/\/blog.ribambelle.fr\/wp\/?p=1497"},"modified":"2013-09-13T16:04:36","modified_gmt":"2013-09-13T16:04:36","slug":"%c2%ab-agence-d%e2%80%99organisation-d%e2%80%99arbre-de-noel-pour-comite-d%e2%80%99entreprise-%c2%bb-2","status":"publish","type":"post","link":"https:\/\/blog.ribambelle.fr\/wp\/?p=1497","title":{"rendered":"\u00ab  Agence d\u2019organisation d\u2019Arbre de No\u00ebl pour Comit\u00e9 d\u2019Entreprise \u00bb"},"content":{"rendered":"<p>Vous recherchez une <a href=\"http:\/\/ribambelle.fr\/noel\/index.php\">f\u00eate de no\u00ebl<\/a> pour votre comit\u00e9 d\u2019entreprise et vous \u00eates situ\u00e9 sur Paris.<\/p>\n<p>Notre agence A la Ribambelle g\u00e8re et organise depuis plus de 25 ans des animations pour les enfants \u00e0 domicile chez les particuliers ainsi que des animations pour le no\u00ebl de vos entreprises (<a href=\"http:\/\/ribambelle.fr\/noel\/index.php\">Arbre de no\u00ebl<\/a> et spectacles de no\u00ebl pour enfants).<\/p>\n<p><strong><span style=\"text-decoration: underline;\">Ne tardez pas.<\/span><\/strong><\/p>\n<p>En effet, il faut pr\u00e9voir beaucoup de choses pour l\u2019<a href=\"http:\/\/ribambelle.fr\/noel\/index.php\">organisation de votre Arbre de no\u00ebl.<\/a> Confiez nous votre spectacle d\u2019arbre de no\u00ebl gr\u00e2ce \u00e0 notre \u00e9quipe exp\u00e9riment\u00e9e et professionnelle.<\/p>\n<p><strong><span style=\"text-decoration: underline;\">Choisissez une date coh\u00e9rente.<\/span><\/strong><\/p>\n<p>Gr\u00e2ce \u00e0 notre professionnalisme, nous vous recommandons d\u2019effectuer votre spectacle de no\u00ebl un <strong>mercredi apr\u00e8s midi, un samedi apr\u00e8s midi ou bien m\u00eame un dimanche apr\u00e8s midi<\/strong>. Le mieux est de l\u2019organiser le mercredi puisque les enfants n\u2019ont pas \u00e9cole et que les parents sont disponibles en semaine. Pr\u00e9voyez votre date les 15 premiers de d\u00e9cembre car par la suite les enfants sont en vacances scolaires. Une date pendant les cong\u00e9s peut \u00eatre un risque car beaucoup de familles partent en vacances. Il y aura alors des absents.<\/p>\n<p>Il est bien s\u00fbr possible d\u2019organiser votre <a href=\"http:\/\/ribambelle.fr\/noel\/page_arbre_de_noel_classique.php\">spectacle d\u2019arbre de no\u00ebl<\/a> soit fin novembre ou courant le mois de janvier pour les entreprises qui ont des pics d\u2019activit\u00e9s pendant la p\u00e9riode de no\u00ebl.<\/p>\n<p><strong><span style=\"text-decoration: underline;\">Faites monter l\u2019information et l\u2019envie pour vos salari\u00e9s. <\/span><\/strong><\/p>\n<p>A l\u2019instant o\u00f9 vous avez choisi <a href=\"http:\/\/ribambelle.fr\/noel\/page_arbre_de_noel_classique.php\">A la Ribambelle<\/a> et que vous avez r\u00e9serv\u00e9 votre <a href=\"http:\/\/ribambelle.fr\/noel\/page_arbre_de_noel_mousquetaires.php\">animation de no\u00ebl<\/a> pour votre \u00e9v\u00e8nement de fin d\u2019ann\u00e9e, n\u2019h\u00e9sitez surtout pas \u00e0 f\u00e9d\u00e9rer et communiquer sur votre spectacle de fin d\u2019ann\u00e9e. Vous pouvez d\u00e9poser des affiches, envoyer un e-mail d\u2019invitation \u00e0 tous vos collaborateurs et bien m\u00eame effectuer une r\u00e9union concernant l\u2019\u00e9v\u00e8nement de no\u00ebl. Cela donnera \u00e0 votre entreprise une image d\u2019autant plus importante et attrayante. F\u00e9d\u00e9rer les collaborateurs permettra d\u2019atteindre une motivation plus importante de leurs parts.<\/p>\n<p>Pensez aussi \u00e0 prendre quelques photos de <a href=\"http:\/\/ribambelle.fr\/noel\/page_arbre_de_noel_pharaons.php\">l\u2019\u00e9v\u00e8nement de no\u00ebl<\/a> puis les mettre \u00e0 disposition de vos collaborateurs afin de donner une relation affective aux salari\u00e9s. Vous pouvez aussi envoyer les photos dans le document ou journal interne de votre entreprise. C\u2019est une fa\u00e7on de continuer \u00e0 faire vivre <a href=\"http:\/\/ribambelle.fr\/noel\/page_arbre_de_noel_pharaons.php\">l\u2019arbre de no\u00ebl<\/a>.<\/p>\n<p>A la Ribambelle pr\u00e9voit des <a href=\"http:\/\/ribambelle.fr\/noel\/page_arbre_de_noel_pirate.php\">spectacles de no\u00ebl cl\u00e9s en main<\/a> pendant une dur\u00e9e de 3 heures. Une folle apr\u00e8s midi de rires et de joies tr\u00e8s bien organis\u00e9e pour assurer une <a href=\"http:\/\/ribambelle.fr\/noel\/articles_3.php\">f\u00eate de no\u00ebl<\/a> des plus performantes et professionnelle.<\/p>\n<p>Vous avez besoin d\u2019un renseignement ou d\u2019une simple information, nos conseillers sont \u00e0 votre \u00e9coute au num\u00e9ro azur (ci-dessous).<\/p>\n<p><strong>En effet, n\u2019oubliez pas A la Ribambelle sur Tours, Lyon, Limoges, Grenoble, Nancy, Marseille, Toulon, Boulogne Billancourt, Rambouillet et Chantilly.<\/strong><\/p>\n<p>A tr\u00e8s bient\u00f4t pour l\u2019organisation de votre arbre de no\u00ebl\u00a0!<\/p>\n<p><em> <\/em><\/p>\n<p><em>Un spectacle de no\u00ebl les plus f\u00e9erique avec A la Ribambelle<\/em><em> <\/em><\/p>\n<p><em> <\/em><\/p>\n","protected":false},"excerpt":{"rendered":"<p>Vous recherchez une f\u00eate de no\u00ebl pour votre comit\u00e9 d\u2019entreprise et vous \u00eates situ\u00e9 sur Paris. Notre agence A la Ribambelle g\u00e8re et organise depuis plus de 25 ans des animations pour les enfants \u00e0 domicile chez les particuliers ainsi que des animations pour le no\u00ebl de vos entreprises (Arbre de no\u00ebl et spectacles de <a href=\"https:\/\/blog.ribambelle.fr\/wp\/?p=1497\" rel=\"nofollow\"><span class=\"sr-only\">En savoir plus sur\u00ab  Agence d\u2019organisation d\u2019Arbre de No\u00ebl pour Comit\u00e9 d\u2019Entreprise \u00bb<\/span>[&hellip;]<\/a><\/p>\n","protected":false},"author":124,"featured_media":0,"comment_status":"open","ping_status":"open","sticky":false,"template":"","format":"standard","meta":[],"categories":[14],"tags":[241,214,213,240],"_links":{"self":[{"href":"https:\/\/blog.ribambelle.fr\/wp\/index.php?rest_route=\/wp\/v2\/posts\/1497"}],"collection":[{"href":"https:\/\/blog.ribambelle.fr\/wp\/index.php?rest_route=\/wp\/v2\/posts"}],"about":[{"href":"https:\/\/blog.ribambelle.fr\/wp\/index.php?rest_route=\/wp\/v2\/types\/post"}],"author":[{"embeddable":true,"href":"https:\/\/blog.ribambelle.fr\/wp\/index.php?rest_route=\/wp\/v2\/users\/124"}],"replies":[{"embeddable":true,"href":"https:\/\/blog.ribambelle.fr\/wp\/index.php?rest_route=%2Fwp%2Fv2%2Fcomments&post=1497"}],"version-history":[{"count":1,"href":"https:\/\/blog.ribambelle.fr\/wp\/index.php?rest_route=\/wp\/v2\/posts\/1497\/revisions"}],"predecessor-version":[{"id":1498,"href":"https:\/\/blog.ribambelle.fr\/wp\/index.php?rest_route=\/wp\/v2\/posts\/1497\/revisions\/1498"}],"wp:attachment":[{"href":"https:\/\/blog.ribambelle.fr\/wp\/index.php?rest_route=%2Fwp%2Fv2%2Fmedia&parent=1497"}],"wp:term":[{"taxonomy":"category","embeddable":true,"href":"https:\/\/blog.ribambelle.fr\/wp\/index.php?rest_route=%2Fwp%2Fv2%2Fcategories&post=1497"},{"taxonomy":"post_tag","embeddable":true,"href":"https:\/\/blog.ribambelle.fr\/wp\/index.php?rest_route=%2Fwp%2Fv2%2Ftags&post=1497"}],"curies":[{"name":"wp","href":"https:\/\/api.w.org\/{rel}","templated":true}]}}